[{"@context":"https:\/\/schema.org\/","@type":"Article","@id":"https:\/\/www.hztop.cz\/ma-muj-mobil-styl\/#Article","mainEntityOfPage":"https:\/\/www.hztop.cz\/ma-muj-mobil-styl\/","headline":"M\u00e1 m\u016fj mobil styl?","name":"M\u00e1 m\u016fj mobil styl?","description":"\u017de na tom, jak vypad\u00e1 v\u00e1\u0161 mobil nez\u00e1le\u017e\u00ed? Omyl. Je to v\u011bc, kterou m\u00e1te u sebe skoro 24 hodin denn\u011b a ta toho o sv\u00e9m majiteli prozrad\u00ed v\u00edc, ne\u017e byste si mysleli. Nev\u011b\u0159ili byste, co n\u011bkte\u0159\u00ed dok\u00e1\u017e\u00ed odhadnout. Kolik m\u00e1te pen\u011bz, podle zna\u010dky a toho, jestli je star\u00fd nebo nov\u00fd. Jestli jste opatrn\u00ed a pe\u010dliv\u00ed,...","datePublished":"2019-11-11","dateModified":"2023-05-15","author":{"@type":"Person","@id":"https:\/\/www.hztop.cz\/author\/#Person","name":"","url":"https:\/\/www.hztop.cz\/author\/","identifier":1,"image":{"@type":"ImageObject","@id":"https:\/\/secure.gravatar.com\/avatar\/c0c0e488d5f88ebdb5e32a558e21f6df03f38644814b5677bcd67e16813bee55?s=96&d=mm&r=g","url":"https:\/\/secure.gravatar.com\/avatar\/c0c0e488d5f88ebdb5e32a558e21f6df03f38644814b5677bcd67e16813bee55?s=96&d=mm&r=g","height":96,"width":96}},"publisher":{"@type":"Organization","name":"hztop.cz","logo":{"@type":"ImageObject","@id":"\/logo.png","url":"\/logo.png","width":600,"height":60}},"image":{"@type":"ImageObject","@id":"https:\/\/www.hztop.cz\/wp-content\/uploads\/img_a360914_w3554_t1574507373.jpg","url":"https:\/\/www.hztop.cz\/wp-content\/uploads\/img_a360914_w3554_t1574507373.jpg","height":0,"width":0},"url":"https:\/\/www.hztop.cz\/ma-muj-mobil-styl\/","about":["L\u00e1ska"],"wordCount":421,"articleBody":"\u017de na tom, jak vypad\u00e1 v\u00e1\u0161 mobil nez\u00e1le\u017e\u00ed? Omyl. Je to v\u011bc, kterou m\u00e1te u sebe skoro 24 hodin denn\u011b a ta toho o sv\u00e9m majiteli prozrad\u00ed v\u00edc, ne\u017e byste si mysleli. Nev\u011b\u0159ili byste, co n\u011bkte\u0159\u00ed dok\u00e1\u017e\u00ed odhadnout.\tKolik m\u00e1te pen\u011bz, podle zna\u010dky a toho, jestli je star\u00fd nebo nov\u00fd. Jestli jste opatrn\u00ed a pe\u010dliv\u00ed, podle toho, jak je mobil ot\u0159\u00edskan\u00fd a opot\u0159ebovan\u00fd. Podle obalu, barvy, sluch\u00e1tek, toho v\u0161eho si v\u0161\u00edmaj\u00ed t\u0159eba jen, kdy\u017e nap\u00ed\u0161ete esemesku v&nbsp;tramvaji.\t\tExistuje i d\u011blen\u00ed u\u017eivatel\u016f, podle toho, jak mobil dr\u017e\u00ed, kdy\u017e si prohl\u00ed\u017e\u00ed t\u0159eba soci\u00e1ln\u00ed s\u00edt\u011b.\tPamatujete si je\u0161t\u011b, jak jste se rozhodovali, kterou barvu za\u0159\u00edzen\u00ed chcete?\tJ\u00e1 ano, bylo mi to tak n\u011bjak jedno, v\u011bd\u011bla jsem jen, \u017ee nechci \u010dernou. Ale v\u011b\u0159te nebo ne, i na barv\u011b z\u00e1le\u017e\u00ed. N\u011bkde jsem \u010detla, \u017ee jasn\u00e9 barvy jako t\u0159eba \u010derven\u00e1 a zelen\u00e1, d\u011blaj\u00ed z&nbsp;mobilu d\u011btskou hra\u010dku.\tNaopak r\u016f\u017eov\u00e1, ta je pr\u00fd pro barb\u00edny a fifleny. V&nbsp;m\u00f3d\u011b jsou metalick\u00e9 barvy jako zlat\u00e1, st\u0159\u00edbrn\u00e1 a u\u017e jsem vid\u011bla i bronzovou. J\u00e1 ned\u00e1m dopustit na \u010dernou, b\u00edlou (kter\u00e1 se sice snadno u\u0161pin\u00ed, ale kr\u00e1sn\u011b proz\u00e1\u0159\u00ed) nebo tmav\u011b modrou.\t&nbsp;\tA co obal? L\u00edb\u00ed se v\u00e1m t\u0159eba kn\u00ed\u017ekov\u00e1 pouzdra? Jsou rozhodn\u011b praktick\u00e1, vyr\u00e1b\u00ed se i s&nbsp;r\u016fzn\u00fdmi vzory a maj\u00ed spoustu kapes na ob\u010danku a karti\u010dky. Bohu\u017eel, kdy\u017e m\u00e1te v\u011bt\u0161\u00ed mobil v&nbsp;kn\u00ed\u017ekov\u00e9m pouzd\u0159e, do kapsy u\u017e ho ned\u00e1te.\tJ\u00e1 preferuju r\u016fzn\u00e9 gelov\u00e9 nebo pastov\u00e9 obaly, kter\u00e9 hezky vypadaj\u00ed, do kapsy se taky vlezou a m\u016f\u017eu si je ozdobit fixy nebo barvami. Na tyhle si v\u0161ak d\u00e1vejte bacha, jsou to jen zadn\u00ed kryty a obrazovku nechr\u00e1n\u00ed skoro v\u016fbec.\tNo, na druhou stranu, existuj\u00ed v&nbsp;r\u016fzn\u00fdch barv\u00e1ch a t\u0159eba i ply\u0161ov\u00e9 pro d\u011bti.\t\tNikdy jsem ne\u0159e\u0161ila, jestli si koup\u00edm k&nbsp;b\u00edl\u00e9mu mobilu sluch\u00e1tka b\u00edl\u00e9 nebo r\u016f\u017eov\u00e9, zn\u00e1m v\u0161ak soustu lid\u00ed (hlavn\u011b \u017een), kter\u00e9 kv\u016fli tomu po\u0159\u00e1dn\u011b vyv\u00e1d\u00ed. Nem\u00e1 cenu si d\u011blat s&nbsp;dopl\u0148ky k&nbsp;mobilu velk\u00e9 starosti, d\u016fle\u017eit\u00e9 je, \u017ee jsou funk\u010dn\u00ed a hezk\u00e9. To plat\u00ed i o telefonech.                                                                                                                                                                                                                                                                                                                                                                                        4.8\/5 - (11 votes)        "},{"@context":"https:\/\/schema.org\/","@type":"BreadcrumbList","itemListElement":[{"@type":"ListItem","position":1,"name":"M\u00e1 m\u016fj mobil styl?","item":"https:\/\/www.hztop.cz\/ma-muj-mobil-styl\/#breadcrumbitem"}]}]