[{"@context":"https:\/\/schema.org\/","@type":"Article","@id":"https:\/\/www.hztop.cz\/v-cem-budeme-jezdit\/#Article","mainEntityOfPage":"https:\/\/www.hztop.cz\/v-cem-budeme-jezdit\/","headline":"V \u010dem budeme jezdit?","name":"V \u010dem budeme jezdit?","description":"Nepou\u017e\u00edv\u00e1m nijak \u010dasto neslu\u0161n\u00e1 slova, ale kdy\u017e jsem zjistila, \u017ee pr\u00fd to nen\u00ed f\u00e1ma a \u017ee to pr\u00fd skute\u010dn\u011b mysl\u00ed v\u00e1\u017en\u011b, na\u0161la jsem jich docela dost ve sv\u00e9 slovn\u00ed z\u00e1sob\u011b. A to kdy\u017e jsem se dozv\u011bd\u011bla, \u017ee pr\u00fd n\u00e1m politici hodlaj\u00ed v\u00a0Evropsk\u00e9 unii od roku 2035 zak\u00e1zat prodej a t\u00edm de facto i v\u00fdrobu nov\u00fdch...","datePublished":"2021-11-10","dateModified":"2023-05-15","author":{"@type":"Person","@id":"https:\/\/www.hztop.cz\/author\/#Person","name":"","url":"https:\/\/www.hztop.cz\/author\/","identifier":1,"image":{"@type":"ImageObject","@id":"https:\/\/secure.gravatar.com\/avatar\/c0c0e488d5f88ebdb5e32a558e21f6df03f38644814b5677bcd67e16813bee55?s=96&d=mm&r=g","url":"https:\/\/secure.gravatar.com\/avatar\/c0c0e488d5f88ebdb5e32a558e21f6df03f38644814b5677bcd67e16813bee55?s=96&d=mm&r=g","height":96,"width":96}},"publisher":{"@type":"Organization","name":"hztop.cz","logo":{"@type":"ImageObject","@id":"\/logo.png","url":"\/logo.png","width":600,"height":60}},"image":{"@type":"ImageObject","@id":"https:\/\/www.hztop.cz\/wp-content\/uploads\/auto1_10.jpg","url":"https:\/\/www.hztop.cz\/wp-content\/uploads\/auto1_10.jpg","height":0,"width":0},"url":"https:\/\/www.hztop.cz\/v-cem-budeme-jezdit\/","about":["Auto moto"],"wordCount":439,"articleBody":"Nepou\u017e\u00edv\u00e1m nijak \u010dasto neslu\u0161n\u00e1 slova, ale kdy\u017e jsem zjistila, \u017ee pr\u00fd to nen\u00ed f\u00e1ma a \u017ee to pr\u00fd skute\u010dn\u011b mysl\u00ed v\u00e1\u017en\u011b, na\u0161la jsem jich docela dost ve sv\u00e9 slovn\u00ed z\u00e1sob\u011b. A to kdy\u017e jsem se dozv\u011bd\u011bla, \u017ee pr\u00fd n\u00e1m politici hodlaj\u00ed v\u00a0Evropsk\u00e9 unii od roku 2035 zak\u00e1zat prodej a t\u00edm de facto i v\u00fdrobu nov\u00fdch osobn\u00edch aut a lehk\u00fdch u\u017eitkov\u00fdch voz\u016f se spalovac\u00edmi motory. Na\u0161li pro to samoz\u0159ejm\u011b zd\u00e1nliv\u011b kr\u00e1sn\u00e9 zd\u016fvodn\u011bn\u00ed, a to to, \u017ee se mus\u00ed sn\u00ed\u017eit na\u0161e uhl\u00edkov\u00e1 stopa a \u017ee nem\u00e1me takov\u00fdm typem vozidel ni\u010dit na\u0161i p\u0159\u00edrodu a zhor\u0161ovat klima, ale t\u00edm si u m\u011b nepolep\u0161ili. Proto\u017ee u\u017e se o tom kdysi v\u00a0teoretick\u00e9 rovin\u011b mluvilo a na\u0161ly se u\u017e tenkr\u00e1t nedostatky.Pr\u00fd by se m\u011blo p\u0159ej\u00edt na elektromobily. Jen\u017ee co kdy\u017e takov\u00fd elektromobil uv\u00edzne v\u00a0kolon\u011b jako dne\u0161n\u00ed auta? Bude tam st\u00e1t, a\u017e mu dojde elekt\u0159ina, a pak u\u017e se cel\u00e1 takov\u00e1 kolona nerozjede. Dokud se auta zase nenabij\u00ed, jen\u017ee jak je nab\u00edt, kdy\u017e budou st\u00e1t t\u0159eba n\u011bkde na d\u00e1lnici?A co teprve v\u00a0zim\u011b? V\u00a0dne\u0161n\u00edch autech se \u0159idi\u010di zah\u0159ej\u00ed, ale co v\u00a0t\u011bch elektrick\u00fdch? Baterie jim na to sta\u010dit nebude. A to si jako budou vozit kamna a z\u00e1sobu d\u0159eva?A co kdy\u017e n\u011bkde dojde t\u0159eba po bou\u0159ce k\u00a0v\u00fdpadku proudu? Kde si lidi nabij\u00ed svoje auta potom? Vzpome\u0148te si, kolikr\u00e1t \u010dteme o tom, jak je je\u0161t\u011b n\u011bkolik\u00e1t\u00fd den po \u0159\u00e1d\u011bn\u00ed p\u0159\u00edrodn\u00edch \u017eivl\u016f iks dom\u00e1cnost\u00ed bez proudu!A tak to dob\u0159e nedopadne. Elektromobily nejsou dokonal\u00e9, a kdy\u017e se nebudou sm\u011bt prod\u00e1vat nov\u00e1 tradi\u010dn\u00ed auta, bude se \u010dile obchodovat s\u00a0t\u011bmi sou\u010dasn\u00fdmi. Kter\u00e1 budou samoz\u0159ejm\u011b st\u00e1rnout a m\u011bnit se ve vraky, kter\u00e9 budou po\u0159\u00e1d nebezpe\u010dn\u011bj\u0161\u00ed v\u00a0provozu. Jestli se do nich vlastn\u011b bude prod\u00e1vat palivo. O tom politici nemluv\u00ed. Zat\u00edm. A takov\u00e1 auta budou nemodern\u00ed, pote\u010de z\u00a0nich jako z\u00a0ka\u017ed\u00fdch vrak\u016f olej a kdeco, a t\u00edm teda p\u0159\u00edrod\u011b ur\u010dit\u011b nepom\u016f\u017eeme.Ale sn\u00ed\u017e\u00edme uhl\u00edkovou stopu. Jestli nakonec nebudeme vydechovat moc CO2, a\u017e budeme fun\u011bt, a\u017e budeme m\u00edsto aut chodit p\u011b\u0161ky i do t\u011bch nejv\u011bt\u0161\u00edch d\u00e1lek.                                                                                                                                                                                                                                                                                                                                                                                        4.6\/5 - (13 votes)        "},{"@context":"https:\/\/schema.org\/","@type":"BreadcrumbList","itemListElement":[{"@type":"ListItem","position":1,"name":"V \u010dem budeme jezdit?","item":"https:\/\/www.hztop.cz\/v-cem-budeme-jezdit\/#breadcrumbitem"}]}]